{"id":20515,"__str__":"Projeto de Lei Ordin\u00e1ria n\u00ba 161 de 2021","link_detail_backend":"/materia/20515","metadata":{},"numero":161,"ano":2021,"numero_protocolo":5852,"data_apresentacao":"2021-12-14","tipo_apresentacao":"E","data_publicacao":null,"numero_origem_externa":"","ano_origem_externa":null,"data_origem_externa":null,"apelido":"","dias_prazo":null,"data_fim_prazo":null,"em_tramitacao":false,"polemica":false,"objeto":"","complementar":false,"ementa":"Institui a Semana da Consci\u00eancia Cidad\u00e3 no calend\u00e1rio escolar de Sant'Ana do Livramento.","indexacao":"","observacao":"","resultado":"","texto_original":"http://sapl.santanadolivramento.rs.leg.br/media/sapl/public/materialegislativa/2021/20515/5852.pdf","data_ultima_atualizacao":"2022-03-18T10:50:36.575355-03:00","ip":"187.60.191.234","ultima_edicao":"2021-12-14T09:21:07.080496-03:00","tipo":1,"regime_tramitacao":1,"tipo_origem_externa":null,"local_origem_externa":null,"user":52,"anexadas":[21130,21229],"autores":[87]}