{"id":26272,"__str__":"Projeto de Lei Ordin\u00e1ria n\u00ba 26 de 2023","link_detail_backend":"/materia/26272","metadata":{},"numero":26,"ano":2023,"numero_protocolo":547,"data_apresentacao":"2023-02-07","tipo_apresentacao":"E","data_publicacao":null,"numero_origem_externa":"","ano_origem_externa":null,"data_origem_externa":null,"apelido":"","dias_prazo":null,"data_fim_prazo":null,"em_tramitacao":false,"polemica":false,"objeto":"","complementar":false,"ementa":"Institui a Pol\u00edtica Municipal de Combate \u00e0 fome e \u00e0 Inseguran\u00e7a Alimentar e Nutricional no munic\u00edpio de Sant'Ana do Livramento - RS e d\u00e1 outras provid\u00eancias.","indexacao":"","observacao":"","resultado":"","texto_original":"http://sapl.santanadolivramento.rs.leg.br/media/sapl/public/materialegislativa/2023/26272/547.pdf","data_ultima_atualizacao":"2023-03-22T13:20:51.712690-03:00","ip":"187.60.191.234","ultima_edicao":"2023-02-07T11:32:41.959258-03:00","tipo":1,"regime_tramitacao":1,"tipo_origem_externa":null,"local_origem_externa":null,"user":52,"anexadas":[26575,26869],"autores":[16]}