{"id":27621,"__str__":"Parecer n\u00ba 15 de 2019 | Adiada discuss\u00e3o e vota\u00e7\u00e3o. | 25/03/2019","link_detail_backend":"/materia/tramitacao/27621","metadata":{},"timestamp":"2019-03-27T08:46:52.154360-03:00","data_tramitacao":"2019-03-25","data_encaminhamento":null,"urgente":false,"turno":"","texto":"N\u00e3o houve qu\u00f3rum na sess\u00e3o.","data_fim_prazo":null,"ip":"","ultima_edicao":null,"status":48,"materia":11102,"unidade_tramitacao_local":50,"unidade_tramitacao_destino":17,"user":null}