{"id":67263,"__str__":"Parecer n\u00ba 261 de 2022 | Proposi\u00e7\u00e3o arquivada | 19/07/2022","link_detail_backend":"/materia/tramitacao/67263","metadata":{},"timestamp":"2022-07-19T09:49:28.906052-03:00","data_tramitacao":"2022-07-19","data_encaminhamento":null,"urgente":false,"turno":"","texto":"Proposi\u00e7\u00e3o arquivada - PER\u00cdODO DE RECESSO - por ser de autoria de Vereador.","data_fim_prazo":null,"ip":"187.60.191.234","ultima_edicao":"2022-07-19T09:49:03.139052-03:00","status":14,"materia":22594,"unidade_tramitacao_local":17,"unidade_tramitacao_destino":17,"user":50}