{"id":67586,"__str__":"Parecer n\u00ba 307 de 2022 | Adiada discuss\u00e3o e vota\u00e7\u00e3o. | 08/08/2022","link_detail_backend":"/materia/tramitacao/67586","metadata":{},"timestamp":"2022-08-10T09:51:18.523050-03:00","data_tramitacao":"2022-08-08","data_encaminhamento":null,"urgente":false,"turno":"","texto":"Ordem do dia em suspenso at\u00e9 vota\u00e7\u00e3o do VETO n\u00ba 04.","data_fim_prazo":null,"ip":"187.60.191.234","ultima_edicao":"2022-08-10T09:51:17.469525-03:00","status":48,"materia":22867,"unidade_tramitacao_local":50,"unidade_tramitacao_destino":17,"user":50}