{"id":68069,"__str__":"Parecer n\u00ba 431 de 2022 | Solicita\u00e7\u00e3o de esclarecimento para complemento de proposi\u00e7\u00e3o | 21/07/2022","link_detail_backend":"/materia/tramitacao/68069","metadata":{},"timestamp":"2022-08-23T12:27:47.917211-03:00","data_tramitacao":"2022-07-21","data_encaminhamento":null,"urgente":false,"turno":"","texto":"Proposi\u00e7\u00e3o encaminhada ao Executivo Municipal com convoca\u00e7\u00e3o dos procuradores atrav\u00e9s do Of\u00edcio n\u00ba 318/2022, de 21/07/2022.","data_fim_prazo":null,"ip":"187.60.191.234","ultima_edicao":"2022-08-23T12:26:32.033861-03:00","status":74,"materia":23580,"unidade_tramitacao_local":17,"unidade_tramitacao_destino":20,"user":50}