{"id":72855,"__str__":"Parecer n\u00ba 9 de 2023 | Aguardando a inclus\u00e3o na ordem do dia | 12/01/2023","link_detail_backend":"/materia/tramitacao/72855","metadata":{},"timestamp":"2023-01-13T09:43:29.983427-03:00","data_tramitacao":"2023-01-12","data_encaminhamento":null,"urgente":false,"turno":"","texto":"Proposi\u00e7\u00e3o aguardando inclus\u00e3o na Ordem do Dia - Convoca\u00e7\u00e3o para sess\u00e3o extraordin\u00e1ria no dia 13/01/2023 (Sexta-feira/10horas).","data_fim_prazo":null,"ip":"187.60.191.234","ultima_edicao":"2023-01-13T09:42:23.947905-03:00","status":30,"materia":25932,"unidade_tramitacao_local":17,"unidade_tramitacao_destino":17,"user":50}