{"id":697,"__str__":"Leandro Ad\u00edlio  Ferreira (2\u00ba orador)","link_detail_backend":"/sessao/orador/697","metadata":{},"numero_ordem":2,"url_discurso":"","observacao":"Comunica\u00e7\u00e3o de Lideran\u00e7a","upload_anexo":null,"sessao_plenaria":641,"parlamentar":27}